{"id":69618,"date":"2026-03-17T11:38:11","date_gmt":"2026-03-17T10:38:11","guid":{"rendered":"https:\/\/www.daemsuitvaart.be\/?p=69618"},"modified":"2026-03-17T12:57:13","modified_gmt":"2026-03-17T11:57:13","slug":"uitvaartcentrum-daems-schoten-verfijnde-uitvaarten-met-geoffrey","status":"publish","type":"post","link":"https:\/\/www.daemsuitvaart.be\/nl\/uitvaartcentrum-daems-schoten-verfijnde-uitvaarten-met-geoffrey\/","title":{"rendered":"Meer dan een uitvaart, een herinnering die blijft."},"content":{"rendered":"\n<div id=\"block-main-banner-block_b34f806338738cdc846268c806cd1796\" class=\"block-main-banner\">\n    <div class=\"container\">\n        <div class=\"banner-wrap layout2 content_right content_top\">\n            <div class=\"banner-image\">\n                                                            <img loading=\"lazy\" decoding=\"async\" width=\"1440\" height=\"961\" src=\"https:\/\/www.touche.be\/app\/uploads\/sites\/81\/2026\/03\/stampaert.portret.0202-1440x961.jpg\" class=\"attachment-full-stretched size-full-stretched\" alt=\"Meer dan een uitvaart, een herinnering die blijft.\" srcset=\"https:\/\/www.touche.be\/app\/uploads\/sites\/81\/2026\/03\/stampaert.portret.0202-1440x961.jpg 1440w, https:\/\/www.touche.be\/app\/uploads\/sites\/81\/2026\/03\/stampaert.portret.0202-300x200.jpg 300w, https:\/\/www.touche.be\/app\/uploads\/sites\/81\/2026\/03\/stampaert.portret.0202-1024x683.jpg 1024w, https:\/\/www.touche.be\/app\/uploads\/sites\/81\/2026\/03\/stampaert.portret.0202-768x512.jpg 768w, https:\/\/www.touche.be\/app\/uploads\/sites\/81\/2026\/03\/stampaert.portret.0202-1536x1025.jpg 1536w, https:\/\/www.touche.be\/app\/uploads\/sites\/81\/2026\/03\/stampaert.portret.0202-2048x1366.jpg 2048w, https:\/\/www.touche.be\/app\/uploads\/sites\/81\/2026\/03\/stampaert.portret.0202-450x300.jpg 450w, https:\/\/www.touche.be\/app\/uploads\/sites\/81\/2026\/03\/stampaert.portret.0202-1300x867.jpg 1300w\" sizes=\"auto, (max-width: 1440px) 100vw, 1440px\" title=\"Meer dan een uitvaart, een herinnering die blijft.\" \/>                                                <\/div>\n\n                            <div class=\"banner-content\">\n                    <div class=\"inner\">\n                        <h3>Hoe Geoffrey bij Uitvaartcentrum Daems traditie en verfijning samenbrengt<\/h3>\n<p>Er zijn carri\u00e8res die je kiest en er zijn carri\u00e8res die zich langzaam aan je opdringen. Voor Geoffrey begon het allemaal in de hospitality. Dertig jaar lang leefde hij tussen restaurants, gasten, hotels en service. Van student in de horeca tot zelfstandig ondernemer in Antwerpen: gastvrijheid werd zijn tweede natuur. Tot het vuur veranderde van kleur.<br \/>\nRond zijn vijfenveertigste voelde hij dat het tijd was voor een andere vorm van nabijheid. Minder vluchtig, meer betekenisvol. Via een kennis kwam hij in contact met Sereni, dat iemand zocht om Uitvaartcentrum Daems in Schoten te leiden. De uitvaartsector? Het idee alleen al riep vragen op. Zou het niet te zwaar zijn? Te veel verdriet?<br \/>\nHij gaf zichzelf zes maanden om het uit te proberen. Anderhalf jaar later weet hij: dit is waar hij moet zijn.<\/p>\n                    <\/div>\n                <\/div>\n                    <\/div>\n    <\/div>\n<\/div>\n\n\n\n<div id=\"block-main-banner-block_b9cd8ee9112f908f46811d442d92a032\" class=\"block-main-banner\">\n    <div class=\"container\">\n        <div class=\"banner-wrap layout2 content_left content_top\">\n            <div class=\"banner-image\">\n                                                            <img loading=\"lazy\" decoding=\"async\" width=\"1440\" height=\"960\" src=\"https:\/\/www.touche.be\/app\/uploads\/sites\/81\/2025\/08\/stampaert.0077-1440x960.jpg\" class=\"attachment-full-stretched size-full-stretched\" alt=\"Meer dan een uitvaart, een herinnering die blijft.\" srcset=\"https:\/\/www.touche.be\/app\/uploads\/sites\/81\/2025\/08\/stampaert.0077-1440x960.jpg 1440w, https:\/\/www.touche.be\/app\/uploads\/sites\/81\/2025\/08\/stampaert.0077-300x200.jpg 300w, https:\/\/www.touche.be\/app\/uploads\/sites\/81\/2025\/08\/stampaert.0077-1024x682.jpg 1024w, https:\/\/www.touche.be\/app\/uploads\/sites\/81\/2025\/08\/stampaert.0077-768x512.jpg 768w, https:\/\/www.touche.be\/app\/uploads\/sites\/81\/2025\/08\/stampaert.0077-1536x1024.jpg 1536w, https:\/\/www.touche.be\/app\/uploads\/sites\/81\/2025\/08\/stampaert.0077-2048x1365.jpg 2048w, https:\/\/www.touche.be\/app\/uploads\/sites\/81\/2025\/08\/stampaert.0077-450x300.jpg 450w, https:\/\/www.touche.be\/app\/uploads\/sites\/81\/2025\/08\/stampaert.0077-1300x866.jpg 1300w\" sizes=\"auto, (max-width: 1440px) 100vw, 1440px\" title=\"Meer dan een uitvaart, een herinnering die blijft.\" \/>                                                <\/div>\n\n                            <div class=\"banner-content\">\n                    <div class=\"inner\">\n                        <h3>Van service naar zingeving<\/h3>\n<p>Wie Geoffrey vandaag aan het werk ziet, herkent nog steeds de man uit de hospitality. De aandacht voor detail. Het feilloos aanvoelen van mensen. De vanzelfsprekende zorg voor kwaliteit. Alleen is de context veranderd.<br \/>\n<i>\u201cJe kan het verdriet niet wegnemen,\u201d<\/i> zegt hij, <i>\u201cmaar je kan wel mee helpen om iets moois neer te zetten.\u201d<\/i><br \/>\nEen uitvaart is voor hem geen draaiboek dat afgewerkt moet worden, maar een proces dat samen langzaam vormt krijgt. Muziek die onverwacht raakt. Foto\u2019s die een leven samenvatten. Anekdotes die een zaal doen glimlachen door de tranen heen. Hij zit telkens op de eerste rij van die kwetsbaarheid \u2014 en beseft hoe uitzonderlijk dat vertrouwen is.<\/p>\n                    <\/div>\n                <\/div>\n                    <\/div>\n    <\/div>\n<\/div>\n\n\n\n<div id=\"block-main-banner-block_9f3fb53ef50bc185d1c44b8c267e338a\" class=\"block-main-banner\">\n    <div class=\"container\">\n        <div class=\"banner-wrap layout2 content_right content_top\">\n            <div class=\"banner-image\">\n                                                            <img loading=\"lazy\" decoding=\"async\" width=\"1440\" height=\"960\" src=\"https:\/\/www.touche.be\/app\/uploads\/sites\/81\/2025\/08\/stampaert.0064-1440x960.jpg\" class=\"attachment-full-stretched size-full-stretched\" alt=\"Meer dan een uitvaart, een herinnering die blijft.\" srcset=\"https:\/\/www.touche.be\/app\/uploads\/sites\/81\/2025\/08\/stampaert.0064-1440x960.jpg 1440w, https:\/\/www.touche.be\/app\/uploads\/sites\/81\/2025\/08\/stampaert.0064-300x200.jpg 300w, https:\/\/www.touche.be\/app\/uploads\/sites\/81\/2025\/08\/stampaert.0064-1024x683.jpg 1024w, https:\/\/www.touche.be\/app\/uploads\/sites\/81\/2025\/08\/stampaert.0064-768x512.jpg 768w, https:\/\/www.touche.be\/app\/uploads\/sites\/81\/2025\/08\/stampaert.0064-1536x1024.jpg 1536w, https:\/\/www.touche.be\/app\/uploads\/sites\/81\/2025\/08\/stampaert.0064-2048x1365.jpg 2048w, https:\/\/www.touche.be\/app\/uploads\/sites\/81\/2025\/08\/stampaert.0064-450x300.jpg 450w, https:\/\/www.touche.be\/app\/uploads\/sites\/81\/2025\/08\/stampaert.0064-1300x867.jpg 1300w\" sizes=\"auto, (max-width: 1440px) 100vw, 1440px\" title=\"Meer dan een uitvaart, een herinnering die blijft.\" \/>                                                <\/div>\n\n                            <div class=\"banner-content\">\n                    <div class=\"inner\">\n                        <h3>Een familiegeschiedenis, een nieuw hoofdstuk.<\/h3>\n<p>Uitvaartcentrum Daems bestaat al meer dan honderd jaar. Vijf generaties lang bouwde de familie een sterke reputatie op in Schoten en daarbuiten. Jos\u00e9 Roelen en haar zoon Peter waren de laatsten die het familiebedrijf leidden. Om het voortbestaan van Daems te garanderen, sloot Jos\u00e9 het bedrijf aan bij Sereni en droeg de fakkel over aan een nieuw, gemotiveerd team.<br \/>\nDe overstap betekende geen breuk, maar een evolutie: traditie blijft, maar krijgt een hedendaags kader. De winkel is vernieuwd, het interieur verfijnd en het team verjongd. Geoffrey spreekt met zichtbaar respect over deze erfenis: <i>\u201cDat zijn grote voetstappen om in te treden. Wat wij doen, is de legacy in ere houden, maar in een nieuwe versie.\u201d<\/i><br \/>\nZo wordt het verleden van Daems gecombineerd met een toekomst vol verfijning, professionaliteit en warme begeleiding voor families in Schoten en omgeving.<\/p>\n                    <\/div>\n                <\/div>\n                    <\/div>\n    <\/div>\n<\/div>\n\n\n\n<div id=\"block-main-banner-block_e57eec920ab45519f4b19a6e8d12df5e\" class=\"block-main-banner\">\n    <div class=\"container\">\n        <div class=\"banner-wrap layout2 content_left content_top\">\n            <div class=\"banner-image\">\n                                                            <img loading=\"lazy\" decoding=\"async\" width=\"1440\" height=\"960\" src=\"https:\/\/www.touche.be\/app\/uploads\/sites\/81\/2025\/09\/Ontwerp-zonder-titel-11-1440x960.jpg\" class=\"attachment-full-stretched size-full-stretched\" alt=\"Meer dan een uitvaart, een herinnering die blijft.\" srcset=\"https:\/\/www.touche.be\/app\/uploads\/sites\/81\/2025\/09\/Ontwerp-zonder-titel-11-1440x960.jpg 1440w, https:\/\/www.touche.be\/app\/uploads\/sites\/81\/2025\/09\/Ontwerp-zonder-titel-11-300x200.jpg 300w, https:\/\/www.touche.be\/app\/uploads\/sites\/81\/2025\/09\/Ontwerp-zonder-titel-11-1024x683.jpg 1024w, https:\/\/www.touche.be\/app\/uploads\/sites\/81\/2025\/09\/Ontwerp-zonder-titel-11-768x512.jpg 768w, https:\/\/www.touche.be\/app\/uploads\/sites\/81\/2025\/09\/Ontwerp-zonder-titel-11-1536x1024.jpg 1536w, https:\/\/www.touche.be\/app\/uploads\/sites\/81\/2025\/09\/Ontwerp-zonder-titel-11-450x300.jpg 450w, https:\/\/www.touche.be\/app\/uploads\/sites\/81\/2025\/09\/Ontwerp-zonder-titel-11-1300x867.jpg 1300w, https:\/\/www.touche.be\/app\/uploads\/sites\/81\/2025\/09\/Ontwerp-zonder-titel-11.jpg 1800w\" sizes=\"auto, (max-width: 1440px) 100vw, 1440px\" title=\"Meer dan een uitvaart, een herinnering die blijft.\" \/>                                                <\/div>\n\n                            <div class=\"banner-content\">\n                    <div class=\"inner\">\n                        <h3>Een jong team met eigen accenten<\/h3>\n<p>Bij Uitvaartcentrum Daems werkt Geoffrey samen met Axelle Mattys en Margot Helsen in een klein, hecht team. <i>\u201cWe zijn een jong team, maar daarom niet minder betrokken,\u201d<\/i> vertelt Geoffrey. <i>\u201cIedereen heeft zijn eigen sterktes. Margot voelt zich helemaal thuis in de lichaamsverzorging en het begeleiden van de overledene \u2014 een taak die grote zachtheid vraagt.\u201d<\/i><br \/>\nHet team werkt op maat: families worden bewust gematcht met degene die het beste aansluit bij hun wensen. Geen standaardindeling, maar een aanpak op maat. Die flexibiliteit cre\u00ebert een natuurlijke dynamiek en zorgt voor een vlotte samenwerking.<\/p>\n                    <\/div>\n                <\/div>\n                    <\/div>\n    <\/div>\n<\/div>\n\n\n\n<div id=\"block-main-banner-block_f7db48a299e6feb370fb184f1522cb1e\" class=\"block-main-banner\">\n    <div class=\"container\">\n        <div class=\"banner-wrap layout2 content_right content_top\">\n            <div class=\"banner-image\">\n                                                            <img loading=\"lazy\" decoding=\"async\" width=\"1440\" height=\"960\" src=\"https:\/\/www.touche.be\/app\/uploads\/sites\/81\/2025\/08\/stampaert.0104-1440x960.jpg\" class=\"attachment-full-stretched size-full-stretched\" alt=\"Meer dan een uitvaart, een herinnering die blijft.\" srcset=\"https:\/\/www.touche.be\/app\/uploads\/sites\/81\/2025\/08\/stampaert.0104-1440x960.jpg 1440w, https:\/\/www.touche.be\/app\/uploads\/sites\/81\/2025\/08\/stampaert.0104-300x200.jpg 300w, https:\/\/www.touche.be\/app\/uploads\/sites\/81\/2025\/08\/stampaert.0104-1024x683.jpg 1024w, https:\/\/www.touche.be\/app\/uploads\/sites\/81\/2025\/08\/stampaert.0104-768x512.jpg 768w, https:\/\/www.touche.be\/app\/uploads\/sites\/81\/2025\/08\/stampaert.0104-1536x1024.jpg 1536w, https:\/\/www.touche.be\/app\/uploads\/sites\/81\/2025\/08\/stampaert.0104-2048x1366.jpg 2048w, https:\/\/www.touche.be\/app\/uploads\/sites\/81\/2025\/08\/stampaert.0104-450x300.jpg 450w, https:\/\/www.touche.be\/app\/uploads\/sites\/81\/2025\/08\/stampaert.0104-1300x867.jpg 1300w\" sizes=\"auto, (max-width: 1440px) 100vw, 1440px\" title=\"Meer dan een uitvaart, een herinnering die blijft.\" \/>                                                <\/div>\n\n                            <div class=\"banner-content\">\n                    <div class=\"inner\">\n                        <h3>Authentiek tot in de details<\/h3>\n<p>Wat Geoffrey energie geeft? Diensten waarin alles klopt. Niet groots om het groots zijn, maar persoonlijk tot in het kleinste detail.<br \/>\nKleinkinderen die met stiften hun laatste woorden op de kist schrijven. Een bloemstuk waarin de oude tennisrackets van oma subtiel verwerkt zijn. Moderne muziek met een stevige beat tijdens een afscheid van een jonge overledene \u2014 onverwacht, maar precies juist.<br \/>\nHij herinnert zich een moment dat hem diep raakte: achterkleinkinderen die rond de kist kleurden terwijl de volwassenen condoleances ontvingen. E\u00e9n voor \u00e9\u00e9n kwamen ook zij dichterbij, namen een stift en schreven iets voor hun moeder of grootmoeder. De prachtige, versierde kist, vooraan in een volle kerk. Een collectief, stil gebaar. <i>\u201cDat beeld vergeet ik nooit meer.\u201d<\/i><\/p>\n                    <\/div>\n                <\/div>\n                    <\/div>\n    <\/div>\n<\/div>\n\n\n\n<div id=\"block-main-banner-block_4d48a68b810b0474a8d13228b3dd6383\" class=\"block-main-banner\">\n    <div class=\"container\">\n        <div class=\"banner-wrap layout2 content_left content_top\">\n            <div class=\"banner-image\">\n                                                            <img loading=\"lazy\" decoding=\"async\" width=\"1440\" height=\"960\" src=\"https:\/\/www.touche.be\/app\/uploads\/sites\/81\/2025\/08\/stampaert.0065-1440x960.jpg\" class=\"attachment-full-stretched size-full-stretched\" alt=\"Meer dan een uitvaart, een herinnering die blijft.\" srcset=\"https:\/\/www.touche.be\/app\/uploads\/sites\/81\/2025\/08\/stampaert.0065-1440x960.jpg 1440w, https:\/\/www.touche.be\/app\/uploads\/sites\/81\/2025\/08\/stampaert.0065-300x200.jpg 300w, https:\/\/www.touche.be\/app\/uploads\/sites\/81\/2025\/08\/stampaert.0065-1024x683.jpg 1024w, https:\/\/www.touche.be\/app\/uploads\/sites\/81\/2025\/08\/stampaert.0065-768x512.jpg 768w, https:\/\/www.touche.be\/app\/uploads\/sites\/81\/2025\/08\/stampaert.0065-1536x1024.jpg 1536w, https:\/\/www.touche.be\/app\/uploads\/sites\/81\/2025\/08\/stampaert.0065-2048x1365.jpg 2048w, https:\/\/www.touche.be\/app\/uploads\/sites\/81\/2025\/08\/stampaert.0065-450x300.jpg 450w, https:\/\/www.touche.be\/app\/uploads\/sites\/81\/2025\/08\/stampaert.0065-1300x867.jpg 1300w\" sizes=\"auto, (max-width: 1440px) 100vw, 1440px\" title=\"Meer dan een uitvaart, een herinnering die blijft.\" \/>                                                <\/div>\n\n                            <div class=\"banner-content\">\n                    <div class=\"inner\">\n                        <h3>Verfijning zonder vertoon<\/h3>\n<p>Geoffrey kijkt niet naar concurrenten. Hij gelooft in eigen sterktes. In kwaliteit boven gemak. In lokale samenwerkingen. In kaartjes en linten die niet standaard zijn, maar zorgvuldig gekozen. Soms maakt dat het werk complexer, maar het resultaat is verfijnder.<br \/>\nAls hij Uitvaartcentrum Daems als persoon zou moeten omschrijven, kiest hij voor een helder beeld: iemand die stevig in zijn schoenen staat, met klasse. Solide, maar niet hard. Verfijnd, zonder pretentie.<\/p>\n                    <\/div>\n                <\/div>\n                    <\/div>\n    <\/div>\n<\/div>\n\n\n\n<div id=\"block-main-banner-block_39aca17a766a3b56909544ca27da3004\" class=\"block-main-banner\">\n    <div class=\"container\">\n        <div class=\"banner-wrap layout2 content_right content_top\">\n            <div class=\"banner-image\">\n                                                            <img loading=\"lazy\" decoding=\"async\" width=\"1440\" height=\"960\" src=\"https:\/\/www.touche.be\/app\/uploads\/sites\/81\/2025\/08\/stampaert.0071-1-1440x960.jpg\" class=\"attachment-full-stretched size-full-stretched\" alt=\"Meer dan een uitvaart, een herinnering die blijft.\" srcset=\"https:\/\/www.touche.be\/app\/uploads\/sites\/81\/2025\/08\/stampaert.0071-1-1440x960.jpg 1440w, https:\/\/www.touche.be\/app\/uploads\/sites\/81\/2025\/08\/stampaert.0071-1-300x200.jpg 300w, https:\/\/www.touche.be\/app\/uploads\/sites\/81\/2025\/08\/stampaert.0071-1-1024x683.jpg 1024w, https:\/\/www.touche.be\/app\/uploads\/sites\/81\/2025\/08\/stampaert.0071-1-768x512.jpg 768w, https:\/\/www.touche.be\/app\/uploads\/sites\/81\/2025\/08\/stampaert.0071-1-1536x1024.jpg 1536w, https:\/\/www.touche.be\/app\/uploads\/sites\/81\/2025\/08\/stampaert.0071-1-2048x1365.jpg 2048w, https:\/\/www.touche.be\/app\/uploads\/sites\/81\/2025\/08\/stampaert.0071-1-450x300.jpg 450w, https:\/\/www.touche.be\/app\/uploads\/sites\/81\/2025\/08\/stampaert.0071-1-1300x867.jpg 1300w\" sizes=\"auto, (max-width: 1440px) 100vw, 1440px\" title=\"Meer dan een uitvaart, een herinnering die blijft.\" \/>                                                <\/div>\n\n                            <div class=\"banner-content\">\n                    <div class=\"inner\">\n                        <h3>Vertrouwen als fundament<\/h3>\n<p>Misschien is dat wel de kern van zijn werk: vertrouwen. Mensen die hij niet kent, zitten bij hem aan tafel in hun meest kwetsbare moment. Ze delen herinneringen, twijfels, soms zelfs hun laatste financi\u00eble middelen om alles op voorhand te regelen.<br \/>\nDat vertrouwen draagt hij bewust. <i>\u201cIk probeer elke uitvaart te benaderen alsof het mijn eigen ouders zijn,\u201d<\/i> zegt hij. <i>\u201cDaar wijk ik niet van af.\u201d<\/i><br \/>\nIn een sector waar traditie en emotie hand in hand gaan, kiest Geoffrey voor een warme, authentieke en doordachte begeleiding. Geen standaardverhaal, maar een afscheid dat klopt \u2014 tot in de laatste noot muziek, tot in de laatste bloem.<\/p>\n                    <\/div>\n                <\/div>\n                    <\/div>\n    <\/div>\n<\/div>\n","protected":false},"excerpt":{"rendered":"<p>Persoonlijke uitvaarten in Schoten bij Uitvaartcentrum Daems. Warme begeleiding, verfijning en aandacht voor elk detail.<\/p>\n","protected":false},"author":9,"featured_media":69619,"comment_status":"closed","ping_status":"open","sticky":false,"template":"","format":"standard","meta":{"_acf_changed":false,"footnotes":""},"categories":[1],"tags":[],"class_list":["post-69618","post","type-post","status-publish","format-standard","has-post-thumbnail","hentry","category-overige"],"acf":[],"yoast_head":"<!-- This site is optimized with the Yoast SEO plugin v25.8 - https:\/\/yoast.com\/wordpress\/plugins\/seo\/ -->\n<title>Uitvaartcentrum Daems Schoten | Verfijnde uitvaarten met Geoffrey<\/title>\n<meta name=\"description\" content=\"Persoonlijke uitvaarten in Schoten bij Uitvaartcentrum Daems. Warme begeleiding, verfijning en aandacht voor elk detail.\" \/>\n<meta name=\"robots\" content=\"index, follow, max-snippet:-1, max-image-preview:large, max-video-preview:-1\" \/>\n<link rel=\"canonical\" href=\"https:\/\/www.daemsuitvaart.be\/nl\/uitvaartcentrum-daems-schoten-verfijnde-uitvaarten-met-geoffrey\/\" \/>\n<meta property=\"og:locale\" content=\"nl_NL\" \/>\n<meta property=\"og:type\" content=\"article\" \/>\n<meta property=\"og:title\" content=\"Uitvaartcentrum Daems Schoten | Verfijnde uitvaarten met Geoffrey\" \/>\n<meta property=\"og:description\" content=\"Persoonlijke uitvaarten in Schoten bij Uitvaartcentrum Daems. Warme begeleiding, verfijning en aandacht voor elk detail.\" \/>\n<meta property=\"og:url\" content=\"https:\/\/www.daemsuitvaart.be\/nl\/uitvaartcentrum-daems-schoten-verfijnde-uitvaarten-met-geoffrey\/\" \/>\n<meta property=\"og:site_name\" content=\"Daems\" \/>\n<meta property=\"article:published_time\" content=\"2026-03-17T10:38:11+00:00\" \/>\n<meta property=\"article:modified_time\" content=\"2026-03-17T11:57:13+00:00\" \/>\n<meta property=\"og:image\" content=\"https:\/\/www.touche.be\/app\/uploads\/sites\/81\/2026\/03\/stampaert.portret.0202-scaled.jpg\" \/>\n\t<meta property=\"og:image:width\" content=\"2560\" \/>\n\t<meta property=\"og:image:height\" content=\"1708\" \/>\n\t<meta property=\"og:image:type\" content=\"image\/jpeg\" \/>\n<meta name=\"author\" content=\"Annouk Westerling\" \/>\n<meta name=\"twitter:card\" content=\"summary_large_image\" \/>\n<meta name=\"twitter:label1\" content=\"Written by\" \/>\n\t<meta name=\"twitter:data1\" content=\"Annouk Westerling\" \/>\n\t<meta name=\"twitter:label2\" content=\"Est. reading time\" \/>\n\t<meta name=\"twitter:data2\" content=\"6 minutes\" \/>\n<script type=\"application\/ld+json\" class=\"yoast-schema-graph\">{\"@context\":\"https:\/\/schema.org\",\"@graph\":[{\"@type\":\"WebPage\",\"@id\":\"https:\/\/www.daemsuitvaart.be\/nl\/uitvaartcentrum-daems-schoten-verfijnde-uitvaarten-met-geoffrey\/\",\"url\":\"https:\/\/www.daemsuitvaart.be\/nl\/uitvaartcentrum-daems-schoten-verfijnde-uitvaarten-met-geoffrey\/\",\"name\":\"Uitvaartcentrum Daems Schoten | Verfijnde uitvaarten met Geoffrey\",\"isPartOf\":{\"@id\":\"https:\/\/www.daemsuitvaart.be\/nl\/#website\"},\"primaryImageOfPage\":{\"@id\":\"https:\/\/www.daemsuitvaart.be\/nl\/uitvaartcentrum-daems-schoten-verfijnde-uitvaarten-met-geoffrey\/#primaryimage\"},\"image\":{\"@id\":\"https:\/\/www.daemsuitvaart.be\/nl\/uitvaartcentrum-daems-schoten-verfijnde-uitvaarten-met-geoffrey\/#primaryimage\"},\"thumbnailUrl\":\"https:\/\/www.touche.be\/app\/uploads\/sites\/81\/2026\/03\/stampaert.portret.0202-scaled.jpg\",\"datePublished\":\"2026-03-17T10:38:11+00:00\",\"dateModified\":\"2026-03-17T11:57:13+00:00\",\"author\":{\"@id\":\"https:\/\/www.daemsuitvaart.be\/nl\/#\/schema\/person\/716f1bb8633553830f63b9c822b80d70\"},\"description\":\"Persoonlijke uitvaarten in Schoten bij Uitvaartcentrum Daems. Warme begeleiding, verfijning en aandacht voor elk detail.\",\"inLanguage\":\"nl-NL\",\"potentialAction\":[{\"@type\":\"ReadAction\",\"target\":[\"https:\/\/www.daemsuitvaart.be\/nl\/uitvaartcentrum-daems-schoten-verfijnde-uitvaarten-met-geoffrey\/\"]}]},{\"@type\":\"ImageObject\",\"inLanguage\":\"nl-NL\",\"@id\":\"https:\/\/www.daemsuitvaart.be\/nl\/uitvaartcentrum-daems-schoten-verfijnde-uitvaarten-met-geoffrey\/#primaryimage\",\"url\":\"https:\/\/www.touche.be\/app\/uploads\/sites\/81\/2026\/03\/stampaert.portret.0202-scaled.jpg\",\"contentUrl\":\"https:\/\/www.touche.be\/app\/uploads\/sites\/81\/2026\/03\/stampaert.portret.0202-scaled.jpg\",\"width\":2560,\"height\":1708},{\"@type\":\"WebSite\",\"@id\":\"https:\/\/www.daemsuitvaart.be\/nl\/#website\",\"url\":\"https:\/\/www.daemsuitvaart.be\/nl\/\",\"name\":\"Daems\",\"description\":\"Just another Sereni site\",\"potentialAction\":[{\"@type\":\"SearchAction\",\"target\":{\"@type\":\"EntryPoint\",\"urlTemplate\":\"https:\/\/www.daemsuitvaart.be\/nl\/?s={search_term_string}\"},\"query-input\":{\"@type\":\"PropertyValueSpecification\",\"valueRequired\":true,\"valueName\":\"search_term_string\"}}],\"inLanguage\":\"nl-NL\"},{\"@type\":\"Person\",\"@id\":\"https:\/\/www.daemsuitvaart.be\/nl\/#\/schema\/person\/716f1bb8633553830f63b9c822b80d70\",\"name\":\"Annouk Westerling\",\"image\":{\"@type\":\"ImageObject\",\"inLanguage\":\"nl-NL\",\"@id\":\"https:\/\/www.daemsuitvaart.be\/nl\/#\/schema\/person\/image\/\",\"url\":\"https:\/\/secure.gravatar.com\/avatar\/6ba9102d0de3b6260fa1cae054229631476a77cd3cbb6d31964acbacd6b78bde?s=96&d=mm&r=g\",\"contentUrl\":\"https:\/\/secure.gravatar.com\/avatar\/6ba9102d0de3b6260fa1cae054229631476a77cd3cbb6d31964acbacd6b78bde?s=96&d=mm&r=g\",\"caption\":\"Annouk Westerling\"},\"url\":\"https:\/\/www.daemsuitvaart.be\/nl\/author\/annouk\/\"}]}<\/script>\n<!-- \/ Yoast SEO plugin. -->","yoast_head_json":{"title":"Uitvaartcentrum Daems Schoten | Verfijnde uitvaarten met Geoffrey","description":"Persoonlijke uitvaarten in Schoten bij Uitvaartcentrum Daems. Warme begeleiding, verfijning en aandacht voor elk detail.","robots":{"index":"index","follow":"follow","max-snippet":"max-snippet:-1","max-image-preview":"max-image-preview:large","max-video-preview":"max-video-preview:-1"},"canonical":"https:\/\/www.daemsuitvaart.be\/nl\/uitvaartcentrum-daems-schoten-verfijnde-uitvaarten-met-geoffrey\/","og_locale":"nl_NL","og_type":"article","og_title":"Uitvaartcentrum Daems Schoten | Verfijnde uitvaarten met Geoffrey","og_description":"Persoonlijke uitvaarten in Schoten bij Uitvaartcentrum Daems. Warme begeleiding, verfijning en aandacht voor elk detail.","og_url":"https:\/\/www.daemsuitvaart.be\/nl\/uitvaartcentrum-daems-schoten-verfijnde-uitvaarten-met-geoffrey\/","og_site_name":"Daems","article_published_time":"2026-03-17T10:38:11+00:00","article_modified_time":"2026-03-17T11:57:13+00:00","og_image":[{"width":2560,"height":1708,"url":"https:\/\/www.touche.be\/app\/uploads\/sites\/81\/2026\/03\/stampaert.portret.0202-scaled.jpg","type":"image\/jpeg"}],"author":"Annouk Westerling","twitter_card":"summary_large_image","twitter_misc":{"Written by":"Annouk Westerling","Est. reading time":"6 minutes"},"schema":{"@context":"https:\/\/schema.org","@graph":[{"@type":"WebPage","@id":"https:\/\/www.daemsuitvaart.be\/nl\/uitvaartcentrum-daems-schoten-verfijnde-uitvaarten-met-geoffrey\/","url":"https:\/\/www.daemsuitvaart.be\/nl\/uitvaartcentrum-daems-schoten-verfijnde-uitvaarten-met-geoffrey\/","name":"Uitvaartcentrum Daems Schoten | Verfijnde uitvaarten met Geoffrey","isPartOf":{"@id":"https:\/\/www.daemsuitvaart.be\/nl\/#website"},"primaryImageOfPage":{"@id":"https:\/\/www.daemsuitvaart.be\/nl\/uitvaartcentrum-daems-schoten-verfijnde-uitvaarten-met-geoffrey\/#primaryimage"},"image":{"@id":"https:\/\/www.daemsuitvaart.be\/nl\/uitvaartcentrum-daems-schoten-verfijnde-uitvaarten-met-geoffrey\/#primaryimage"},"thumbnailUrl":"https:\/\/www.touche.be\/app\/uploads\/sites\/81\/2026\/03\/stampaert.portret.0202-scaled.jpg","datePublished":"2026-03-17T10:38:11+00:00","dateModified":"2026-03-17T11:57:13+00:00","author":{"@id":"https:\/\/www.daemsuitvaart.be\/nl\/#\/schema\/person\/716f1bb8633553830f63b9c822b80d70"},"description":"Persoonlijke uitvaarten in Schoten bij Uitvaartcentrum Daems. Warme begeleiding, verfijning en aandacht voor elk detail.","inLanguage":"nl-NL","potentialAction":[{"@type":"ReadAction","target":["https:\/\/www.daemsuitvaart.be\/nl\/uitvaartcentrum-daems-schoten-verfijnde-uitvaarten-met-geoffrey\/"]}]},{"@type":"ImageObject","inLanguage":"nl-NL","@id":"https:\/\/www.daemsuitvaart.be\/nl\/uitvaartcentrum-daems-schoten-verfijnde-uitvaarten-met-geoffrey\/#primaryimage","url":"https:\/\/www.touche.be\/app\/uploads\/sites\/81\/2026\/03\/stampaert.portret.0202-scaled.jpg","contentUrl":"https:\/\/www.touche.be\/app\/uploads\/sites\/81\/2026\/03\/stampaert.portret.0202-scaled.jpg","width":2560,"height":1708},{"@type":"WebSite","@id":"https:\/\/www.daemsuitvaart.be\/nl\/#website","url":"https:\/\/www.daemsuitvaart.be\/nl\/","name":"Daems","description":"Just another Sereni site","potentialAction":[{"@type":"SearchAction","target":{"@type":"EntryPoint","urlTemplate":"https:\/\/www.daemsuitvaart.be\/nl\/?s={search_term_string}"},"query-input":{"@type":"PropertyValueSpecification","valueRequired":true,"valueName":"search_term_string"}}],"inLanguage":"nl-NL"},{"@type":"Person","@id":"https:\/\/www.daemsuitvaart.be\/nl\/#\/schema\/person\/716f1bb8633553830f63b9c822b80d70","name":"Annouk Westerling","image":{"@type":"ImageObject","inLanguage":"nl-NL","@id":"https:\/\/www.daemsuitvaart.be\/nl\/#\/schema\/person\/image\/","url":"https:\/\/secure.gravatar.com\/avatar\/6ba9102d0de3b6260fa1cae054229631476a77cd3cbb6d31964acbacd6b78bde?s=96&d=mm&r=g","contentUrl":"https:\/\/secure.gravatar.com\/avatar\/6ba9102d0de3b6260fa1cae054229631476a77cd3cbb6d31964acbacd6b78bde?s=96&d=mm&r=g","caption":"Annouk Westerling"},"url":"https:\/\/www.daemsuitvaart.be\/nl\/author\/annouk\/"}]}},"_links":{"self":[{"href":"https:\/\/www.daemsuitvaart.be\/nl\/wp-json\/wp\/v2\/posts\/69618","targetHints":{"allow":["GET"]}}],"collection":[{"href":"https:\/\/www.daemsuitvaart.be\/nl\/wp-json\/wp\/v2\/posts"}],"about":[{"href":"https:\/\/www.daemsuitvaart.be\/nl\/wp-json\/wp\/v2\/types\/post"}],"author":[{"embeddable":true,"href":"https:\/\/www.daemsuitvaart.be\/nl\/wp-json\/wp\/v2\/users\/9"}],"replies":[{"embeddable":true,"href":"https:\/\/www.daemsuitvaart.be\/nl\/wp-json\/wp\/v2\/comments?post=69618"}],"version-history":[{"count":5,"href":"https:\/\/www.daemsuitvaart.be\/nl\/wp-json\/wp\/v2\/posts\/69618\/revisions"}],"predecessor-version":[{"id":69634,"href":"https:\/\/www.daemsuitvaart.be\/nl\/wp-json\/wp\/v2\/posts\/69618\/revisions\/69634"}],"wp:featuredmedia":[{"embeddable":true,"href":"https:\/\/www.daemsuitvaart.be\/nl\/wp-json\/wp\/v2\/media\/69619"}],"wp:attachment":[{"href":"https:\/\/www.daemsuitvaart.be\/nl\/wp-json\/wp\/v2\/media?parent=69618"}],"wp:term":[{"taxonomy":"category","embeddable":true,"href":"https:\/\/www.daemsuitvaart.be\/nl\/wp-json\/wp\/v2\/categories?post=69618"},{"taxonomy":"post_tag","embeddable":true,"href":"https:\/\/www.daemsuitvaart.be\/nl\/wp-json\/wp\/v2\/tags?post=69618"}],"curies":[{"name":"wp","href":"https:\/\/api.w.org\/{rel}","templated":true}]}}